[{"@context":"https:\/\/schema.org\/","@type":"Article","@id":"https:\/\/maleja.cz\/kvetinace-ozivi-vas-interier-i-exterier\/#Article","mainEntityOfPage":"https:\/\/maleja.cz\/kvetinace-ozivi-vas-interier-i-exterier\/","headline":"Kv\u011btin\u00e1\u010de o\u017eiv\u00ed v\u00e1\u0161 interi\u00e9r i exteri\u00e9r","name":"Kv\u011btin\u00e1\u010de o\u017eiv\u00ed v\u00e1\u0161 interi\u00e9r i exteri\u00e9r","description":"Kr\u00e1sn\u00fd kv\u011btin\u00e1\u010d dod\u00e1 va\u0161emu interi\u00e9ru i exteri\u00e9ru \u00fapln\u011b nov\u00fd rozm\u011br. O\u017eiv\u00edte jimi prostor, ve kter\u00e9m se budou skv\u011ble vyj\u00edmat. Dnes si m\u016f\u017eete vybrat z\u00a0cel\u00e9 \u0159ady &hellip; ","datePublished":"2020-09-25","dateModified":"2020-09-25","author":{"@type":"Person","@id":"https:\/\/maleja.cz\/author\/#Person","name":"","url":"https:\/\/maleja.cz\/author\/","identifier":1,"image":{"@type":"ImageObject","@id":"https:\/\/secure.gravatar.com\/avatar\/29b4b7cf61bc7f4a3cff4e7146cbe3cb?s=96&d=mm&r=g","url":"https:\/\/secure.gravatar.com\/avatar\/29b4b7cf61bc7f4a3cff4e7146cbe3cb?s=96&d=mm&r=g","height":96,"width":96}},"publisher":{"@type":"Organization","name":"maleja.cz","logo":{"@type":"ImageObject","@id":"\/logo.png","url":"\/logo.png","width":600,"height":60}},"image":{"@type":"ImageObject","@id":"https:\/\/maleja.cz\/wp-content\/uploads\/art282551_16x9_20260623_154913_h2rD98.jpg","url":"https:\/\/maleja.cz\/wp-content\/uploads\/art282551_16x9_20260623_154913_h2rD98.jpg","height":0,"width":0},"url":"https:\/\/maleja.cz\/kvetinace-ozivi-vas-interier-i-exterier\/","about":["Dom\u00e1cnost"],"wordCount":459,"articleBody":"Kr\u00e1sn\u00fd kv\u011btin\u00e1\u010d dod\u00e1 va\u0161emu interi\u00e9ru i exteri\u00e9ru \u00fapln\u011b nov\u00fd rozm\u011br. O\u017eiv\u00edte jimi prostor, ve kter\u00e9m se budou skv\u011ble vyj\u00edmat. Dnes si m\u016f\u017eete vybrat z\u00a0cel\u00e9 \u0159ady kv\u011btin\u00e1\u010d\u016f, kter\u00e9 vypadaj\u00ed p\u0159\u00edmo fantasticky. N\u011bkter\u00e9 jsou jen b\u00edl\u00e9, jin\u00e9 z\u00e1\u0159\u00ed pestrobarevn\u00fdmi barvami.Na trhu jsou ov\u0161em tak\u00e9 p\u0159ekr\u00e1sn\u00e9 designov\u00e9 kv\u011btin\u00e1\u010de, kter\u00e9 m\u016f\u017eete za\u0159adit mezi hotov\u00e1 um\u011bleck\u00e1 d\u00edla. Je jich opravdu nep\u0159ebern\u00e1 paleta ve v\u0161ech mo\u017en\u00fdch proveden\u00ed, tvar\u016f, barev i kreativn\u00edch n\u00e1pad\u016f. Jsou precizn\u011b zpracovan\u00e9, a n\u011bkter\u00e9 si dokonce m\u016f\u017eete nechat navrhnout p\u0159\u00edmo na p\u0159\u00e1n\u00ed.Ne\u017e si kv\u011btin\u00e1\u010d po\u0159\u00edd\u00edte, m\u011bli byste si ujasnit, zda v\u00e1m bude zdobit venkovn\u00ed nebo vnit\u0159n\u00ed prostory. Pro venkovn\u00ed pou\u017eit\u00ed byste m\u011bli zvolit kv\u011btin\u00e1\u010d, kter\u00fd spl\u0148uje ur\u010dit\u00e1 krit\u00e9ria, kde\u017eto do interi\u00e9ru m\u016f\u017eete pou\u017e\u00edt jak\u00fdkoliv materi\u00e1l.\u00b7\u00a0\u00a0\u00a0\u00a0\u00a0\u00a0\u00a0\u00a0 KV\u011aTIN\u00c1\u010cE A TRUHL\u00cdKY DO VNIT\u0158N\u00cdCH PROSTOR\u016eV\u00a0interi\u00e9ru v\u011bt\u0161inou kv\u011btin\u00e1\u010de a truhl\u00edky slou\u017e\u00ed jako designov\u00fd obal pro kv\u011btiny, kter\u00e9 jsou ji\u017e zasazeny v\u00a0plastov\u00e9m kv\u011btin\u00e1\u010di. Maj\u00ed b\u00fdt p\u0159edev\u0161\u00edm ozdobou a vhodn\u00fdm dopl\u0148kem do bytu, kter\u00fd svou kr\u00e1sou a n\u00e1paditost\u00ed zkr\u00e1\u0161l\u00ed f\u00e1dn\u00ed prostor. Mohou b\u00fdt vyrobeny z\u00a0jak\u00e9hokoliv materi\u00e1lu, nebo\u0165 jim nehroz\u00ed \u017e\u00e1dn\u00e9 poni\u010den\u00ed vn\u011bj\u0161\u00edmi vlivy. Z\u00e1le\u017e\u00ed tedy jen na va\u0161em v\u00fdb\u011bru a vkusu.\u00b7\u00a0\u00a0\u00a0\u00a0\u00a0\u00a0\u00a0\u00a0 KV\u011aTIN\u00c1\u010cE A TRUHL\u00cdKY DO VENKOVN\u00cdCH PROSTOR\u016eKv\u011btin\u00e1\u010de pro venkovn\u00ed vyu\u017eit\u00ed mus\u00ed spl\u0148ovat jist\u00e1 krit\u00e9ria. P\u0159edev\u0161\u00edm by m\u011bly b\u00fdt mrazuvzdorn\u00e9, aby p\u0159e\u010dkaly i extr\u00e9mn\u00ed klimatick\u00e9 podm\u00ednky. M\u011bly by m\u00edt d\u00edry na dn\u011b, aby se zabr\u00e1nilo uhn\u00edv\u00e1n\u00ed nebo zbyte\u010dn\u00e9mu p\u0159elit\u00ed rostlin. V\u0161echny venkovn\u00ed kv\u011btin\u00e1\u010de by m\u011bly b\u00fdt lehk\u00e9, co\u017e jist\u011b ocen\u00edte p\u0159edev\u0161\u00edm u kv\u011btn\u00edk\u016f v\u011bt\u0161\u00edch rozm\u011br\u016f.Nejen \u017ee je snadn\u011bji p\u0159em\u00edst\u00edte z\u00a0m\u00edsta na m\u00edsto, ale tak\u00e9 nezat\u011b\u017euj\u00ed m\u00edsto, kam je polo\u017e\u00edte, co\u017e jist\u011b ocen\u00ed nap\u0159\u00edklad va\u0161e st\u0159e\u0161n\u00ed terasa. Zapom\u00ednat byste nem\u011bli tak\u00e9 na pevnost t\u011bchto produkt\u016f, aby nedoch\u00e1zelo k\u00a0jejich po\u0161kozen\u00ed. Dob\u0159e vyroben\u00e9 kv\u011btin\u00e1\u010de by se m\u011bly py\u0161nit neomezenou \u017eivotnost\u00ed.Je jedno, zda si je d\u00e1te na zahradu, dvorek nebo terasu, v\u0161ude by m\u011bly dob\u0159e slou\u017eit sv\u00e9mu \u00fa\u010delu a z\u00e1rove\u0148 vytvo\u0159it hezkou atmosf\u00e9ru.\t                                                                                                                                                                                                                                                                                                                                                                                                "},{"@context":"https:\/\/schema.org\/","@type":"BreadcrumbList","itemListElement":[{"@type":"ListItem","position":1,"name":"Kv\u011btin\u00e1\u010de o\u017eiv\u00ed v\u00e1\u0161 interi\u00e9r i exteri\u00e9r","item":"https:\/\/maleja.cz\/kvetinace-ozivi-vas-interier-i-exterier\/#breadcrumbitem"}]}]